{"id":38,"date":"2014-10-14T20:04:59","date_gmt":"2014-10-14T18:04:59","guid":{"rendered":"https:\/\/lescheminsdecastetarbe.cvbernieres.fr\/?p=38"},"modified":"2019-04-10T08:29:29","modified_gmt":"2019-04-10T06:29:29","slug":"le-chemin-de-touya","status":"publish","type":"post","link":"https:\/\/www.lescheminsdecastetarbe.fr\/?p=38","title":{"rendered":"Le chemin de Touya"},"content":{"rendered":"<p>Ce premier chemin nettoy\u00e9 part de l\u2019\u00e9cole de Cast\u00e9tarbe pour rejoindre le chemin Pouyanne.<\/p>\n<p>A mi-parcours vous pouvez bifurquer vers le chemin de Menain<\/p>\n<p><img loading=\"lazy\" decoding=\"async\" class=\"alignnone size-medium wp-image-43\" src=\"https:\/\/lescheminsdecastetarbe.cvbernieres.fr\/wp-content\/uploads\/2018\/09\/photo-1-300x164.png\" alt=\"\" width=\"300\" height=\"164\" srcset=\"https:\/\/www.lescheminsdecastetarbe.fr\/wp-content\/uploads\/2018\/09\/photo-1-300x164.png 300w, https:\/\/www.lescheminsdecastetarbe.fr\/wp-content\/uploads\/2018\/09\/photo-1-768x419.png 768w, https:\/\/www.lescheminsdecastetarbe.fr\/wp-content\/uploads\/2018\/09\/photo-1-1024x558.png 1024w, https:\/\/www.lescheminsdecastetarbe.fr\/wp-content\/uploads\/2018\/09\/photo-1-1200x654.png 1200w, https:\/\/www.lescheminsdecastetarbe.fr\/wp-content\/uploads\/2018\/09\/photo-1.png 1273w\" sizes=\"auto, (max-width: 300px) 85vw, 300px\" \/><\/p>\n<p>A 50 m\u00e8tres de l\u2019\u00e9cole prenez entre les deux maisons vers le d\u00e9part du chemin.<\/p>\n<p><img loading=\"lazy\" decoding=\"async\" class=\"alignnone size-medium wp-image-39\" src=\"https:\/\/lescheminsdecastetarbe.cvbernieres.fr\/wp-content\/uploads\/2018\/09\/IMG_4105-300x200.jpg\" alt=\"\" width=\"300\" height=\"200\" srcset=\"https:\/\/www.lescheminsdecastetarbe.fr\/wp-content\/uploads\/2018\/09\/IMG_4105-300x200.jpg 300w, https:\/\/www.lescheminsdecastetarbe.fr\/wp-content\/uploads\/2018\/09\/IMG_4105-768x512.jpg 768w, https:\/\/www.lescheminsdecastetarbe.fr\/wp-content\/uploads\/2018\/09\/IMG_4105-1024x683.jpg 1024w, https:\/\/www.lescheminsdecastetarbe.fr\/wp-content\/uploads\/2018\/09\/IMG_4105-1200x800.jpg 1200w\" sizes=\"auto, (max-width: 300px) 85vw, 300px\" \/><\/p>\n<p>200 m\u00e8tres apr\u00e8s vous entrez dans le bois. Le chemin descend sous les arbres.<\/p>\n<p><img loading=\"lazy\" decoding=\"async\" class=\"alignnone size-medium wp-image-40\" src=\"https:\/\/lescheminsdecastetarbe.cvbernieres.fr\/wp-content\/uploads\/2018\/09\/IMG_4106-300x224.jpg\" alt=\"\" width=\"300\" height=\"224\" srcset=\"https:\/\/www.lescheminsdecastetarbe.fr\/wp-content\/uploads\/2018\/09\/IMG_4106-300x224.jpg 300w, https:\/\/www.lescheminsdecastetarbe.fr\/wp-content\/uploads\/2018\/09\/IMG_4106-768x574.jpg 768w, https:\/\/www.lescheminsdecastetarbe.fr\/wp-content\/uploads\/2018\/09\/IMG_4106-1024x765.jpg 1024w, https:\/\/www.lescheminsdecastetarbe.fr\/wp-content\/uploads\/2018\/09\/IMG_4106-1200x897.jpg 1200w, https:\/\/www.lescheminsdecastetarbe.fr\/wp-content\/uploads\/2018\/09\/IMG_4106.jpg 1720w\" sizes=\"auto, (max-width: 300px) 85vw, 300px\" \/><\/p>\n<p>Arriv\u00e9 \u00e0 un embranchement vous pouvez partir \u00e0 gauche chemin de Menain (voir article sur le chemin de Menain) \u00a0ou partir sur la droite pour continuer le chemin de Touya.<\/p>\n<p><img loading=\"lazy\" decoding=\"async\" class=\"alignnone size-medium wp-image-41\" src=\"https:\/\/lescheminsdecastetarbe.cvbernieres.fr\/wp-content\/uploads\/2018\/09\/IMG_4110-300x224.jpg\" alt=\"\" width=\"300\" height=\"224\" srcset=\"https:\/\/www.lescheminsdecastetarbe.fr\/wp-content\/uploads\/2018\/09\/IMG_4110-300x224.jpg 300w, https:\/\/www.lescheminsdecastetarbe.fr\/wp-content\/uploads\/2018\/09\/IMG_4110-768x574.jpg 768w, https:\/\/www.lescheminsdecastetarbe.fr\/wp-content\/uploads\/2018\/09\/IMG_4110-1024x765.jpg 1024w, https:\/\/www.lescheminsdecastetarbe.fr\/wp-content\/uploads\/2018\/09\/IMG_4110-1200x896.jpg 1200w, https:\/\/www.lescheminsdecastetarbe.fr\/wp-content\/uploads\/2018\/09\/IMG_4110.jpg 1927w\" sizes=\"auto, (max-width: 300px) 85vw, 300px\" \/><\/p>\n<p>C\u00f4t\u00e9 Touya, \u00e0 droite le chemin est ombrag\u00e9 et d\u00e9bouche sur le chemin Pouyanne \u00e0 ce niveau.<\/p>\n<p><img loading=\"lazy\" decoding=\"async\" class=\"alignnone size-medium wp-image-42\" src=\"https:\/\/lescheminsdecastetarbe.cvbernieres.fr\/wp-content\/uploads\/2018\/09\/IMG_4142-300x224.jpg\" alt=\"\" width=\"300\" height=\"224\" srcset=\"https:\/\/www.lescheminsdecastetarbe.fr\/wp-content\/uploads\/2018\/09\/IMG_4142-300x224.jpg 300w, https:\/\/www.lescheminsdecastetarbe.fr\/wp-content\/uploads\/2018\/09\/IMG_4142-768x574.jpg 768w, https:\/\/www.lescheminsdecastetarbe.fr\/wp-content\/uploads\/2018\/09\/IMG_4142-1024x765.jpg 1024w, https:\/\/www.lescheminsdecastetarbe.fr\/wp-content\/uploads\/2018\/09\/IMG_4142-1200x897.jpg 1200w, https:\/\/www.lescheminsdecastetarbe.fr\/wp-content\/uploads\/2018\/09\/IMG_4142.jpg 1720w\" sizes=\"auto, (max-width: 300px) 85vw, 300px\" \/><\/p>\n","protected":false},"excerpt":{"rendered":"<p>Ce premier chemin nettoy\u00e9 part de l\u2019\u00e9cole de Cast\u00e9tarbe pour rejoindre le chemin Pouyanne. A mi-parcours vous pouvez bifurquer vers le chemin de Menain A 50 m\u00e8tres de l\u2019\u00e9cole prenez entre les deux maisons vers le d\u00e9part du chemin. 200 m\u00e8tres apr\u00e8s vous entrez dans le bois. Le chemin descend sous les arbres. Arriv\u00e9 \u00e0 &hellip; <a href=\"https:\/\/www.lescheminsdecastetarbe.fr\/?p=38\" class=\"more-link\">Continuer la lecture<span class=\"screen-reader-text\"> de &laquo;&nbsp;Le chemin de Touya&nbsp;&raquo;<\/span><\/a><\/p>\n","protected":false},"author":1,"featured_media":0,"comment_status":"open","ping_status":"open","sticky":false,"template":"","format":"standard","meta":{"footnotes":""},"categories":[1,6],"tags":[],"class_list":["post-38","post","type-post","status-publish","format-standard","hentry","category-non-classe","category-tous-les-chemins-de-castetarbe"],"_links":{"self":[{"href":"https:\/\/www.lescheminsdecastetarbe.fr\/index.php?rest_route=\/wp\/v2\/posts\/38","targetHints":{"allow":["GET"]}}],"collection":[{"href":"https:\/\/www.lescheminsdecastetarbe.fr\/index.php?rest_route=\/wp\/v2\/posts"}],"about":[{"href":"https:\/\/www.lescheminsdecastetarbe.fr\/index.php?rest_route=\/wp\/v2\/types\/post"}],"author":[{"embeddable":true,"href":"https:\/\/www.lescheminsdecastetarbe.fr\/index.php?rest_route=\/wp\/v2\/users\/1"}],"replies":[{"embeddable":true,"href":"https:\/\/www.lescheminsdecastetarbe.fr\/index.php?rest_route=%2Fwp%2Fv2%2Fcomments&post=38"}],"version-history":[{"count":1,"href":"https:\/\/www.lescheminsdecastetarbe.fr\/index.php?rest_route=\/wp\/v2\/posts\/38\/revisions"}],"predecessor-version":[{"id":44,"href":"https:\/\/www.lescheminsdecastetarbe.fr\/index.php?rest_route=\/wp\/v2\/posts\/38\/revisions\/44"}],"wp:attachment":[{"href":"https:\/\/www.lescheminsdecastetarbe.fr\/index.php?rest_route=%2Fwp%2Fv2%2Fmedia&parent=38"}],"wp:term":[{"taxonomy":"category","embeddable":true,"href":"https:\/\/www.lescheminsdecastetarbe.fr\/index.php?rest_route=%2Fwp%2Fv2%2Fcategories&post=38"},{"taxonomy":"post_tag","embeddable":true,"href":"https:\/\/www.lescheminsdecastetarbe.fr\/index.php?rest_route=%2Fwp%2Fv2%2Ftags&post=38"}],"curies":[{"name":"wp","href":"https:\/\/api.w.org\/{rel}","templated":true}]}}